{"id":1191,"date":"2021-10-12T13:08:08","date_gmt":"2021-10-12T19:08:08","guid":{"rendered":"https:\/\/oenicaragua.org\/?p=1191"},"modified":"2021-10-12T13:21:25","modified_gmt":"2021-10-12T19:21:25","slug":"victor-y-zulma-son-parte-de-olimpiadas-especiales-paraguay-desde-hace-mas-de-20-anos","status":"publish","type":"post","link":"https:\/\/oenicaragua.org\/?p=1191","title":{"rendered":"V\u00edctor y Zulma son parte de Olimpiadas Especiales Paraguay&#8230;"},"content":{"rendered":"<p style=\"text-align: justify;\">\u201cOlimpiadas Especiales me ayud\u00f3 a perder mi timidez, ser m\u00e1s independiente, ser m\u00e1s habilidoso, a no tener miedo para expresar mis ideas.\u201d <strong>V\u00edctor y Zulma son parte de Olimpiadas Especiales Paraguay<\/strong> desde hace m\u00e1s de 20 a\u00f1os.<\/p>\n<p style=\"text-align: justify;\">En ese tiempo, han crecido como deportistas, representando a su pa\u00eds en Juegos Mundiales, y como l\u00edderes, para ayudar a otras personas con discapacidad intelectual. Y, quiz\u00e1s lo m\u00e1s importante: es ah\u00ed donde se han conocido. Hoy en d\u00eda, utilizan todo lo aprendido para navegar esta nueva etapa como profesionales y padres de familia.<\/p>\n<p style=\"text-align: justify;\"><strong>Trabajando por Inclusi\u00f3n, construimos un mundo mejor.<\/strong><\/p>\n<p style=\"text-align: justify;\"><a href=\"#EligeIncluir\">#EligeIncluir<\/a><\/p>\n<p>&nbsp;<\/p>\n<p><center><iframe loading=\"lazy\" width=\"720\" height=\"415\" src=\"https:\/\/www.youtube.com\/embed\/bfRESFW7Qiw\" title=\"YouTube video player\" frameborder=\"0\" allow=\"accelerometer; autoplay; clipboard-write; encrypted-media; gyroscope; picture-in-picture\" allowfullscreen=\"allowfullscreen\"><\/iframe><\/center>&nbsp;<\/p>\n","protected":false},"excerpt":{"rendered":"<p>\u201cOlimpiadas Especiales me ayud\u00f3 a perder mi timidez, ser m\u00e1s independiente, ser m\u00e1s habilidoso, a no tener miedo para expresar mis ideas.\u201d V\u00edctor y Zulma son parte de Olimpiadas Especiales Paraguay desde hace m\u00e1s de 20 a\u00f1os. En ese tiempo, han crecido como deportistas, representando a su pa\u00eds en Juegos [&hellip;]<\/p>\n","protected":false},"author":1,"featured_media":1192,"comment_status":"closed","ping_status":"closed","sticky":false,"template":"","format":"standard","meta":{"footnotes":""},"categories":[7],"tags":[],"class_list":["post-1191","post","type-post","status-publish","format-standard","has-post-thumbnail","hentry","category-trabajando-por-la-inclusion"],"_links":{"self":[{"href":"https:\/\/oenicaragua.org\/index.php?rest_route=\/wp\/v2\/posts\/1191","targetHints":{"allow":["GET"]}}],"collection":[{"href":"https:\/\/oenicaragua.org\/index.php?rest_route=\/wp\/v2\/posts"}],"about":[{"href":"https:\/\/oenicaragua.org\/index.php?rest_route=\/wp\/v2\/types\/post"}],"author":[{"embeddable":true,"href":"https:\/\/oenicaragua.org\/index.php?rest_route=\/wp\/v2\/users\/1"}],"replies":[{"embeddable":true,"href":"https:\/\/oenicaragua.org\/index.php?rest_route=%2Fwp%2Fv2%2Fcomments&post=1191"}],"version-history":[{"count":7,"href":"https:\/\/oenicaragua.org\/index.php?rest_route=\/wp\/v2\/posts\/1191\/revisions"}],"predecessor-version":[{"id":1210,"href":"https:\/\/oenicaragua.org\/index.php?rest_route=\/wp\/v2\/posts\/1191\/revisions\/1210"}],"wp:featuredmedia":[{"embeddable":true,"href":"https:\/\/oenicaragua.org\/index.php?rest_route=\/wp\/v2\/media\/1192"}],"wp:attachment":[{"href":"https:\/\/oenicaragua.org\/index.php?rest_route=%2Fwp%2Fv2%2Fmedia&parent=1191"}],"wp:term":[{"taxonomy":"category","embeddable":true,"href":"https:\/\/oenicaragua.org\/index.php?rest_route=%2Fwp%2Fv2%2Fcategories&post=1191"},{"taxonomy":"post_tag","embeddable":true,"href":"https:\/\/oenicaragua.org\/index.php?rest_route=%2Fwp%2Fv2%2Ftags&post=1191"}],"curies":[{"name":"wp","href":"https:\/\/api.w.org\/{rel}","templated":true}]}}