{"id":1313,"date":"2021-10-26T15:12:34","date_gmt":"2021-10-26T21:12:34","guid":{"rendered":"https:\/\/oenicaragua.org\/?p=1313"},"modified":"2021-10-27T09:24:44","modified_gmt":"2021-10-27T15:24:44","slug":"filmer-tan-ha-enfrentado-muchos-desafios-a-su-salud-pero-la-adversidad-le-motivo-a-seguir-adelante-y-triunfar","status":"publish","type":"post","link":"https:\/\/oenicaragua.org\/?p=1313","title":{"rendered":"Filmer Tan ha enfrentado muchos desaf\u00edos a su salud, pero la adversidad le motiv\u00f3 a seguir adelante y triunfar."},"content":{"rendered":"<p style=\"text-align: justify;\"><span>Desde que era ni\u00f1o, <strong>Filmer Tan<\/strong> ha enfrentado muchos desaf\u00edos a su salud, pero la adversidad le motiv\u00f3 a seguir adelante y triunfar. Ahora, \u00e9l nos inspira a todos. #EligeIncluir a atletas como Filmer. <\/span><\/p>\n<p style=\"text-align: justify;\"><span>Firma la Promesa de la Inclusi\u00f3n: <a href=\"https:\/\/support.specialolympics.org\/a\/spa?MS=SOredirect&amp;utm_source=2021pledge2_SOLA\" target=\"_blank\" rel=\"noopener\">SpecialOlympics.org\/<\/a><\/span><wbr \/><span>FirmaLaPromesa\u00a0\u00a0<\/span><\/p>\n<p>&nbsp;<\/p>\n<p><center><iframe loading=\"lazy\" width=\"720\" height=\"415\" src=\"https:\/\/www.youtube.com\/embed\/BAUmLcq7kAA\" title=\"YouTube video player\" frameborder=\"0\" allow=\"accelerometer; autoplay; clipboard-write; encrypted-media; gyroscope; picture-in-picture\" allowfullscreen=\"allowfullscreen\"><\/iframe><\/center>&nbsp;<\/p>\n","protected":false},"excerpt":{"rendered":"<p>Desde que era ni\u00f1o, Filmer Tan ha enfrentado muchos desaf\u00edos a su salud, pero la adversidad le motiv\u00f3 a seguir adelante y triunfar. Ahora, \u00e9l nos inspira a todos. #EligeIncluir a atletas como Filmer. Firma la Promesa de la Inclusi\u00f3n: SpecialOlympics.org\/FirmaLaPromesa\u00a0\u00a0 &nbsp; &nbsp;<\/p>\n","protected":false},"author":1,"featured_media":1315,"comment_status":"closed","ping_status":"closed","sticky":false,"template":"","format":"standard","meta":{"footnotes":""},"categories":[7],"tags":[],"class_list":["post-1313","post","type-post","status-publish","format-standard","has-post-thumbnail","hentry","category-trabajando-por-la-inclusion"],"_links":{"self":[{"href":"https:\/\/oenicaragua.org\/index.php?rest_route=\/wp\/v2\/posts\/1313","targetHints":{"allow":["GET"]}}],"collection":[{"href":"https:\/\/oenicaragua.org\/index.php?rest_route=\/wp\/v2\/posts"}],"about":[{"href":"https:\/\/oenicaragua.org\/index.php?rest_route=\/wp\/v2\/types\/post"}],"author":[{"embeddable":true,"href":"https:\/\/oenicaragua.org\/index.php?rest_route=\/wp\/v2\/users\/1"}],"replies":[{"embeddable":true,"href":"https:\/\/oenicaragua.org\/index.php?rest_route=%2Fwp%2Fv2%2Fcomments&post=1313"}],"version-history":[{"count":2,"href":"https:\/\/oenicaragua.org\/index.php?rest_route=\/wp\/v2\/posts\/1313\/revisions"}],"predecessor-version":[{"id":1316,"href":"https:\/\/oenicaragua.org\/index.php?rest_route=\/wp\/v2\/posts\/1313\/revisions\/1316"}],"wp:featuredmedia":[{"embeddable":true,"href":"https:\/\/oenicaragua.org\/index.php?rest_route=\/wp\/v2\/media\/1315"}],"wp:attachment":[{"href":"https:\/\/oenicaragua.org\/index.php?rest_route=%2Fwp%2Fv2%2Fmedia&parent=1313"}],"wp:term":[{"taxonomy":"category","embeddable":true,"href":"https:\/\/oenicaragua.org\/index.php?rest_route=%2Fwp%2Fv2%2Fcategories&post=1313"},{"taxonomy":"post_tag","embeddable":true,"href":"https:\/\/oenicaragua.org\/index.php?rest_route=%2Fwp%2Fv2%2Ftags&post=1313"}],"curies":[{"name":"wp","href":"https:\/\/api.w.org\/{rel}","templated":true}]}}