{"id":1650,"date":"2022-04-04T18:57:41","date_gmt":"2022-04-05T00:57:41","guid":{"rendered":"https:\/\/oenicaragua.org\/?p=1650"},"modified":"2022-04-04T19:01:25","modified_gmt":"2022-04-05T01:01:25","slug":"la-salud-inclusiva-no-es-opcional","status":"publish","type":"post","link":"https:\/\/oenicaragua.org\/?p=1650","title":{"rendered":"La Salud Inclusiva NO es opcional."},"content":{"rendered":"<p style=\"text-align: justify;\"><span>La Directora Global de Salud de <\/span><span><a href=\"https:\/\/www.facebook.com\/SpecialOlympics\/?__cft__[0]=AZV7HAVdqr--MXjtiskVPtFxArHRTT5IhHWvSDHa4XI79PbnBSkzP5OuIjzoS0hus2assXYNY0aQS20-Yy06GTE5_P6b2QFAOq-VGmKacF-w6wBDWyophkf8k-JA8Z1axYaz8UaprhqYM6gb8ydMxgpBw-SnQMsXLAkGa9gUxIGeeRFI9pmfPuqMB7SbhJu4_Ao&amp;__tn__=kK-R\" role=\"link\" target=\"_blank\" data-saferedirecturl=\"https:\/\/www.google.com\/url?q=https:\/\/www.facebook.com\/SpecialOlympics\/?__cft__%5B0%5D%3DAZV7HAVdqr--MXjtiskVPtFxArHRTT5IhHWvSDHa4XI79PbnBSkzP5OuIjzoS0hus2assXYNY0aQS20-Yy06GTE5_P6b2QFAOq-VGmKacF-w6wBDWyophkf8k-JA8Z1axYaz8UaprhqYM6gb8ydMxgpBw-SnQMsXLAkGa9gUxIGeeRFI9pmfPuqMB7SbhJu4_Ao%26__tn__%3DkK-R&amp;source=gmail&amp;ust=1649203325657000&amp;usg=AOvVaw2SP1-7OkC6g6iFnCK3nVO7\" rel=\"noopener\">Special Olympics<\/a><\/span><span>, la <strong>Dra. Alicia <\/strong><\/span><span><strong>Bazzano,<\/strong> lo dijo claramente: <strong>\u201cNos disponemos a BORRAR las desigualdades en salud\u201d<\/strong>. \u00danete a la revoluci\u00f3n por una salud m\u00e1s inclusiva, visita nuestras redes y conoce m\u00e1s sobre nuestros esfuerzos en temas de Salud.<\/span><\/p>\n<p style=\"text-align: justify;\"><span> <strong>\u00a1No nos detendremos hasta que las necesidades b\u00e1sicas de salud de todos sean atendidas y respetadas!<\/strong><\/span><\/p>\n<div dir=\"auto\" style=\"text-align: justify;\"><span><a href=\"https:\/\/www.facebook.com\/hashtag\/saludinclusiva?__eep__=6&amp;__cft__[0]=AZV7HAVdqr--MXjtiskVPtFxArHRTT5IhHWvSDHa4XI79PbnBSkzP5OuIjzoS0hus2assXYNY0aQS20-Yy06GTE5_P6b2QFAOq-VGmKacF-w6wBDWyophkf8k-JA8Z1axYaz8UaprhqYM6gb8ydMxgpBw-SnQMsXLAkGa9gUxIGeeRFI9pmfPuqMB7SbhJu4_Ao&amp;__tn__=*NK-R\" role=\"link\" target=\"_blank\" data-saferedirecturl=\"https:\/\/www.google.com\/url?q=https:\/\/www.facebook.com\/hashtag\/saludinclusiva?__eep__%3D6%26__cft__%5B0%5D%3DAZV7HAVdqr--MXjtiskVPtFxArHRTT5IhHWvSDHa4XI79PbnBSkzP5OuIjzoS0hus2assXYNY0aQS20-Yy06GTE5_P6b2QFAOq-VGmKacF-w6wBDWyophkf8k-JA8Z1axYaz8UaprhqYM6gb8ydMxgpBw-SnQMsXLAkGa9gUxIGeeRFI9pmfPuqMB7SbhJu4_Ao%26__tn__%3D*NK-R&amp;source=gmail&amp;ust=1649203325657000&amp;usg=AOvVaw0r_sHOiGwhjCe5Chbxn78H\" rel=\"noopener\">#SaludInclusiva<\/a><\/span><\/div>\n<div dir=\"auto\" style=\"text-align: justify;\"><span><a href=\"https:\/\/www.facebook.com\/hashtag\/eligeincluir?__eep__=6&amp;__cft__[0]=AZV7HAVdqr--MXjtiskVPtFxArHRTT5IhHWvSDHa4XI79PbnBSkzP5OuIjzoS0hus2assXYNY0aQS20-Yy06GTE5_P6b2QFAOq-VGmKacF-w6wBDWyophkf8k-JA8Z1axYaz8UaprhqYM6gb8ydMxgpBw-SnQMsXLAkGa9gUxIGeeRFI9pmfPuqMB7SbhJu4_Ao&amp;__tn__=*NK-R\" role=\"link\" target=\"_blank\" data-saferedirecturl=\"https:\/\/www.google.com\/url?q=https:\/\/www.facebook.com\/hashtag\/eligeincluir?__eep__%3D6%26__cft__%5B0%5D%3DAZV7HAVdqr--MXjtiskVPtFxArHRTT5IhHWvSDHa4XI79PbnBSkzP5OuIjzoS0hus2assXYNY0aQS20-Yy06GTE5_P6b2QFAOq-VGmKacF-w6wBDWyophkf8k-JA8Z1axYaz8UaprhqYM6gb8ydMxgpBw-SnQMsXLAkGa9gUxIGeeRFI9pmfPuqMB7SbhJu4_Ao%26__tn__%3D*NK-R&amp;source=gmail&amp;ust=1649203325658000&amp;usg=AOvVaw3dN8O8WKJ4nCsgdu8NieUw\" rel=\"noopener\">#EligeIncluir<\/a><\/span><\/div>\n<div dir=\"auto\"><\/div>\n<p><center><iframe loading=\"lazy\" width=\"720\" height=\"415\" src=\"https:\/\/www.youtube.com\/embed\/1KJVu58yFsE\" title=\"YouTube video player\" frameborder=\"0\" allow=\"accelerometer; autoplay; clipboard-write; encrypted-media; gyroscope; picture-in-picture\" allowfullscreen=\"allowfullscreen\"><\/iframe><\/center><\/p>\n<div dir=\"auto\"><\/div>\n<div dir=\"auto\"><\/div>\n","protected":false},"excerpt":{"rendered":"<p>La Directora Global de Salud de Special Olympics, la Dra. Alicia Bazzano, lo dijo claramente: \u201cNos disponemos a BORRAR las desigualdades en salud\u201d. \u00danete a la revoluci\u00f3n por una salud m\u00e1s inclusiva, visita nuestras redes y conoce m\u00e1s sobre nuestros esfuerzos en temas de Salud. \u00a1No nos detendremos hasta que [&hellip;]<\/p>\n","protected":false},"author":1,"featured_media":1656,"comment_status":"closed","ping_status":"closed","sticky":false,"template":"","format":"standard","meta":{"footnotes":""},"categories":[4,7,1],"tags":[],"class_list":["post-1650","post","type-post","status-publish","format-standard","has-post-thumbnail","hentry","category-campanas","category-trabajando-por-la-inclusion","category-videos"],"_links":{"self":[{"href":"https:\/\/oenicaragua.org\/index.php?rest_route=\/wp\/v2\/posts\/1650","targetHints":{"allow":["GET"]}}],"collection":[{"href":"https:\/\/oenicaragua.org\/index.php?rest_route=\/wp\/v2\/posts"}],"about":[{"href":"https:\/\/oenicaragua.org\/index.php?rest_route=\/wp\/v2\/types\/post"}],"author":[{"embeddable":true,"href":"https:\/\/oenicaragua.org\/index.php?rest_route=\/wp\/v2\/users\/1"}],"replies":[{"embeddable":true,"href":"https:\/\/oenicaragua.org\/index.php?rest_route=%2Fwp%2Fv2%2Fcomments&post=1650"}],"version-history":[{"count":5,"href":"https:\/\/oenicaragua.org\/index.php?rest_route=\/wp\/v2\/posts\/1650\/revisions"}],"predecessor-version":[{"id":1655,"href":"https:\/\/oenicaragua.org\/index.php?rest_route=\/wp\/v2\/posts\/1650\/revisions\/1655"}],"wp:featuredmedia":[{"embeddable":true,"href":"https:\/\/oenicaragua.org\/index.php?rest_route=\/wp\/v2\/media\/1656"}],"wp:attachment":[{"href":"https:\/\/oenicaragua.org\/index.php?rest_route=%2Fwp%2Fv2%2Fmedia&parent=1650"}],"wp:term":[{"taxonomy":"category","embeddable":true,"href":"https:\/\/oenicaragua.org\/index.php?rest_route=%2Fwp%2Fv2%2Fcategories&post=1650"},{"taxonomy":"post_tag","embeddable":true,"href":"https:\/\/oenicaragua.org\/index.php?rest_route=%2Fwp%2Fv2%2Ftags&post=1650"}],"curies":[{"name":"wp","href":"https:\/\/api.w.org\/{rel}","templated":true}]}}