{"id":1714,"date":"2022-04-22T14:55:53","date_gmt":"2022-04-22T20:55:53","guid":{"rendered":"https:\/\/oenicaragua.org\/?p=1714"},"modified":"2022-04-22T14:56:12","modified_gmt":"2022-04-22T20:56:12","slug":"juventud-sola-informate-vacunate-protegete","status":"publish","type":"post","link":"https:\/\/oenicaragua.org\/?p=1714","title":{"rendered":"Juventud SOLA: Inf\u00f3rmate. Vac\u00fanate. Prot\u00e9gete."},"content":{"rendered":"<p style=\"text-align: justify;\"><span>Hay mucha desinformaci\u00f3n sobre las <strong>vacunas<\/strong>. Sigue el consejo de los <strong>j\u00f3venes l\u00edderes de Olimpiadas Especiales<\/strong> &#8212; toma una decisi\u00f3n informada. Consulta las instrucciones de tu <strong>Ministerio de Salud y fuentes confiables.<\/strong> Y corre la voz para priorizar la vacunaci\u00f3n de las personas con <strong>discapacidad intelectual. <\/strong><\/span><span>#EligeIncluir<\/span><span> y apoya la lucha por una <\/span><span>#SaludInclusiva<\/span><\/p>\n<p>&nbsp;<\/p>\n<p><center><iframe loading=\"lazy\" width=\"720\" height=\"415\" src=\"https:\/\/www.youtube.com\/embed\/jXjAqDpR4LU\" title=\"YouTube video player\" frameborder=\"0\" allow=\"accelerometer; autoplay; clipboard-write; encrypted-media; gyroscope; picture-in-picture\" allowfullscreen=\"allowfullscreen\"><\/iframe><\/center>&nbsp;<\/p>\n","protected":false},"excerpt":{"rendered":"<p>Hay mucha desinformaci\u00f3n sobre las vacunas. Sigue el consejo de los j\u00f3venes l\u00edderes de Olimpiadas Especiales &#8212; toma una decisi\u00f3n informada. Consulta las instrucciones de tu Ministerio de Salud y fuentes confiables. Y corre la voz para priorizar la vacunaci\u00f3n de las personas con discapacidad intelectual. #EligeIncluir y apoya la [&hellip;]<\/p>\n","protected":false},"author":1,"featured_media":1715,"comment_status":"closed","ping_status":"closed","sticky":false,"template":"","format":"standard","meta":{"footnotes":""},"categories":[4,7,1],"tags":[],"class_list":["post-1714","post","type-post","status-publish","format-standard","has-post-thumbnail","hentry","category-campanas","category-trabajando-por-la-inclusion","category-videos"],"_links":{"self":[{"href":"https:\/\/oenicaragua.org\/index.php?rest_route=\/wp\/v2\/posts\/1714","targetHints":{"allow":["GET"]}}],"collection":[{"href":"https:\/\/oenicaragua.org\/index.php?rest_route=\/wp\/v2\/posts"}],"about":[{"href":"https:\/\/oenicaragua.org\/index.php?rest_route=\/wp\/v2\/types\/post"}],"author":[{"embeddable":true,"href":"https:\/\/oenicaragua.org\/index.php?rest_route=\/wp\/v2\/users\/1"}],"replies":[{"embeddable":true,"href":"https:\/\/oenicaragua.org\/index.php?rest_route=%2Fwp%2Fv2%2Fcomments&post=1714"}],"version-history":[{"count":2,"href":"https:\/\/oenicaragua.org\/index.php?rest_route=\/wp\/v2\/posts\/1714\/revisions"}],"predecessor-version":[{"id":1717,"href":"https:\/\/oenicaragua.org\/index.php?rest_route=\/wp\/v2\/posts\/1714\/revisions\/1717"}],"wp:featuredmedia":[{"embeddable":true,"href":"https:\/\/oenicaragua.org\/index.php?rest_route=\/wp\/v2\/media\/1715"}],"wp:attachment":[{"href":"https:\/\/oenicaragua.org\/index.php?rest_route=%2Fwp%2Fv2%2Fmedia&parent=1714"}],"wp:term":[{"taxonomy":"category","embeddable":true,"href":"https:\/\/oenicaragua.org\/index.php?rest_route=%2Fwp%2Fv2%2Fcategories&post=1714"},{"taxonomy":"post_tag","embeddable":true,"href":"https:\/\/oenicaragua.org\/index.php?rest_route=%2Fwp%2Fv2%2Ftags&post=1714"}],"curies":[{"name":"wp","href":"https:\/\/api.w.org\/{rel}","templated":true}]}}