{"id":2406,"date":"2022-09-29T17:43:07","date_gmt":"2022-09-29T23:43:07","guid":{"rendered":"https:\/\/oenicaragua.org\/?p=2406"},"modified":"2022-10-01T17:45:24","modified_gmt":"2022-10-01T23:45:24","slug":"dr-ismael-quezada-sobre-el-programa-de-comunidades-saludables-de-olimpiadas-especiales","status":"publish","type":"post","link":"https:\/\/oenicaragua.org\/?p=2406","title":{"rendered":"Dr. Ismael Quezada sobre el Programa de Comunidades Saludables de Olimpiadas Especiales."},"content":{"rendered":"<p style=\"text-align: justify;\">\u00abUn espacio para cultivar la empat\u00eda hacia estas personas&#8230; que necesitan de nuestra acci\u00f3n y sobre todo un espacio para crecer como seres humanos, que de hoy en adelante debemos ser mejores m\u00e9dicos\u00bb &#8211; Dr. Ismael Quezada sobre el Programa de Comunidades Saludables de Olimpiadas Especiales.<\/p>\n<p style=\"text-align: justify;\">\u00danete a la revoluci\u00f3n por una salud m\u00e1s inclusiva, visita nuestras redes y conoce m\u00e1s sobre nuestros esfuerzos en temas de Salud. \u00a1No nos detendremos hasta que las necesidades b\u00e1sicas de salud de todos sean atendidas y respetadas!<\/p>\n<p style=\"text-align: justify;\"><a href=\"https:\/\/www.facebook.com\/hashtag\/saludinclusiva?__eep__=6&amp;__cft__%5b0%5d=AZUMqvohlgn9lUFlDUaG05mKd8G_bve6Kp_-VwMAtfDXNYmTB57dwkldv9CrLgyN3QGAZRyO2jBZ-eikC44eV2lODl6Ms6UlPJYy9KwLo0JWDzh_Ek3oomv0w4MD7NT3Oo_Uzg3QH6HpeEzL1dFHelpd4r5tRvPGU2B84bL4D21KiNyMrITiIS71XDgs4QEwXGY&amp;__tn__=*NK-R\">#SaludInclusiva<\/a><\/p>\n<p style=\"text-align: justify;\"><a href=\"https:\/\/www.facebook.com\/hashtag\/eligeincluir?__eep__=6&amp;__cft__%5b0%5d=AZUMqvohlgn9lUFlDUaG05mKd8G_bve6Kp_-VwMAtfDXNYmTB57dwkldv9CrLgyN3QGAZRyO2jBZ-eikC44eV2lODl6Ms6UlPJYy9KwLo0JWDzh_Ek3oomv0w4MD7NT3Oo_Uzg3QH6HpeEzL1dFHelpd4r5tRvPGU2B84bL4D21KiNyMrITiIS71XDgs4QEwXGY&amp;__tn__=*NK-R\">#EligeIncluir<\/a><\/p>\n<p>&nbsp;<br \/>\n<center><iframe loading=\"lazy\" width=\"720\" height=\"415\" src=\"https:\/\/www.youtube.com\/embed\/F-zio-mf44o\" title=\"YouTube video player\" frameborder=\"0\" allow=\"accelerometer; autoplay; clipboard-write; encrypted-media; gyroscope; picture-in-picture\" allowfullscreen><\/iframe><\/center><br \/>\n&nbsp;<\/p>\n","protected":false},"excerpt":{"rendered":"<p>\u00abUn espacio para cultivar la empat\u00eda hacia estas personas&#8230; que necesitan de nuestra acci\u00f3n y sobre todo un espacio para crecer como seres humanos, que de hoy en adelante debemos ser mejores m\u00e9dicos\u00bb &#8211; Dr. Ismael Quezada sobre el Programa de Comunidades Saludables de Olimpiadas Especiales. \u00danete a la revoluci\u00f3n [&hellip;]<\/p>\n","protected":false},"author":1,"featured_media":2407,"comment_status":"closed","ping_status":"closed","sticky":false,"template":"","format":"standard","meta":{"footnotes":""},"categories":[4,7,1],"tags":[],"class_list":["post-2406","post","type-post","status-publish","format-standard","has-post-thumbnail","hentry","category-campanas","category-trabajando-por-la-inclusion","category-videos"],"_links":{"self":[{"href":"https:\/\/oenicaragua.org\/index.php?rest_route=\/wp\/v2\/posts\/2406","targetHints":{"allow":["GET"]}}],"collection":[{"href":"https:\/\/oenicaragua.org\/index.php?rest_route=\/wp\/v2\/posts"}],"about":[{"href":"https:\/\/oenicaragua.org\/index.php?rest_route=\/wp\/v2\/types\/post"}],"author":[{"embeddable":true,"href":"https:\/\/oenicaragua.org\/index.php?rest_route=\/wp\/v2\/users\/1"}],"replies":[{"embeddable":true,"href":"https:\/\/oenicaragua.org\/index.php?rest_route=%2Fwp%2Fv2%2Fcomments&post=2406"}],"version-history":[{"count":1,"href":"https:\/\/oenicaragua.org\/index.php?rest_route=\/wp\/v2\/posts\/2406\/revisions"}],"predecessor-version":[{"id":2408,"href":"https:\/\/oenicaragua.org\/index.php?rest_route=\/wp\/v2\/posts\/2406\/revisions\/2408"}],"wp:featuredmedia":[{"embeddable":true,"href":"https:\/\/oenicaragua.org\/index.php?rest_route=\/wp\/v2\/media\/2407"}],"wp:attachment":[{"href":"https:\/\/oenicaragua.org\/index.php?rest_route=%2Fwp%2Fv2%2Fmedia&parent=2406"}],"wp:term":[{"taxonomy":"category","embeddable":true,"href":"https:\/\/oenicaragua.org\/index.php?rest_route=%2Fwp%2Fv2%2Fcategories&post=2406"},{"taxonomy":"post_tag","embeddable":true,"href":"https:\/\/oenicaragua.org\/index.php?rest_route=%2Fwp%2Fv2%2Ftags&post=2406"}],"curies":[{"name":"wp","href":"https:\/\/api.w.org\/{rel}","templated":true}]}}