{"id":2827,"date":"2023-04-21T22:39:15","date_gmt":"2023-04-22T04:39:15","guid":{"rendered":"https:\/\/oenicaragua.org\/?p=2827"},"modified":"2023-04-22T16:04:37","modified_gmt":"2023-04-22T22:04:37","slug":"primer-dia-de-la-cumbre-nacional-de-liderazgo-juvenil-de-olimpiadas-especiales","status":"publish","type":"post","link":"https:\/\/oenicaragua.org\/?p=2827","title":{"rendered":"PRIMER DIA DE  LA CUMBRE NACIONAL DE LIDERAZGO JUVENIL DE OLIMPIADAS ESPECIALES"},"content":{"rendered":"<p class=\"p1\" style=\"text-align: justify;\">Managua, Nicaragua, es el escenario<span class=\"Apple-converted-space\"> <\/span>de este importante proyecto que concentra a m\u00e1s de 30 j\u00f3venes del pa\u00eds con o sin discapacidad intelectual, en un formato de aprendizaje sobre el Liderazgo Juvenil que tiene como objetivo generar y crear un impacto positivo en las comunidades con estos protagonistas.<\/p>\n<p class=\"p1\" style=\"text-align: justify;\">En un ambiente lleno de alegr\u00eda, sonrisas y mucha energ\u00eda se vivi\u00f3 el primer d\u00eda de esta cumbre, contando como invitado especial al venezolano Juan Espinoza, Gerente de Liderazgo Juvenil y Deportes de Olimpiadas Especiales de America Latina, tambi\u00e9n la presencia de Freddy Araica Presidente de Olimpiadas Especiales Nicaragua, Dilan Vado atleta Paral\u00edmpico de Boccia y<span class=\"Apple-converted-space\">\u00a0 <\/span>la mentora Esthela Hern\u00e1ndez, quien estuvo a cargo de transmitir el empoderamiento a j\u00f3venes en todas sus facetas.<\/p>\n<p class=\"p1\" style=\"text-align: justify;\">El tema principal de esta primera jornada fue el Liderazgo, enfocado desde el punto de vista de los j\u00f3venes y mentores para guiar y darle la luz a los que no la han encontrado, para hacer visible que cada uno de ellos posee habilidades y talentos \u00fanicos, trabajando de la mano con la comunicaci\u00f3n ya que es la base del \u00e9xito.<\/p>\n<p class=\"p1\" style=\"text-align: justify;\">A su vez se realizaron actividades f\u00edsicas, fon\u00e9ticas y deportes unificados con una serie de ejercicios que contribuyen a la uni\u00f3n del trabajo en equipo, tambi\u00e9n exposici\u00f3n de ideas sobre problemas en las comunidades, en el cual se comparti\u00f3 experiencias desde el punto de vista de cada participante.<\/p>\n<p class=\"p1\" style=\"text-align: justify;\">De igual manera la Coordinadora de Liderazgo Juvenil de Nicaragua Thelma Martinez, respaldo a\u00fan m\u00e1s el tema del Liderazgo Unificado con preguntas y respuestas a los oyentes , resaltando que esta iniciativa busca superar las bajas expectativas que suelen tener los individuos con respecto a las capacidades y fortalezas de las personas con discapacidad intelectual, brind\u00e1ndoles a ellos una total seguridad en si mismos.<\/p>\n<p class=\"p1\" style=\"text-align: justify;\">Ya para finalizar el d\u00eda, los j\u00f3venes hicieron el ejercicio de unificaci\u00f3n, ejecutando la actividad de boliche que consist\u00eda en crear un grupo de 4 y competir entre ellos, esto sirvi\u00f3 para complementar el tema como indicador y as\u00ed comprender\u00a0 el t\u00e9rmino de liderazgo.<\/p>\n<p><img loading=\"lazy\" decoding=\"async\" src=\"https:\/\/oenicaragua.org\/wp-content\/uploads\/2023\/04\/20-1024x582.png\" alt=\"\" width=\"750\" height=\"426\" class=\"alignnone size-large wp-image-2832\" srcset=\"https:\/\/oenicaragua.org\/wp-content\/uploads\/2023\/04\/20-1024x582.png 1024w, https:\/\/oenicaragua.org\/wp-content\/uploads\/2023\/04\/20-300x170.png 300w, https:\/\/oenicaragua.org\/wp-content\/uploads\/2023\/04\/20-768x436.png 768w, https:\/\/oenicaragua.org\/wp-content\/uploads\/2023\/04\/20-1536x872.png 1536w, https:\/\/oenicaragua.org\/wp-content\/uploads\/2023\/04\/20-2048x1163.png 2048w\" sizes=\"auto, (max-width: 750px) 100vw, 750px\" \/><\/p>\n<p><img loading=\"lazy\" decoding=\"async\" src=\"https:\/\/oenicaragua.org\/wp-content\/uploads\/2023\/04\/24-1024x664.png\" alt=\"\" width=\"750\" height=\"486\" class=\"alignnone size-large wp-image-2829\" srcset=\"https:\/\/oenicaragua.org\/wp-content\/uploads\/2023\/04\/24-1024x664.png 1024w, https:\/\/oenicaragua.org\/wp-content\/uploads\/2023\/04\/24-300x194.png 300w, https:\/\/oenicaragua.org\/wp-content\/uploads\/2023\/04\/24-768x498.png 768w, https:\/\/oenicaragua.org\/wp-content\/uploads\/2023\/04\/24-1536x995.png 1536w, https:\/\/oenicaragua.org\/wp-content\/uploads\/2023\/04\/24-2048x1327.png 2048w\" sizes=\"auto, (max-width: 750px) 100vw, 750px\" \/><\/p>\n<p><img loading=\"lazy\" decoding=\"async\" src=\"https:\/\/oenicaragua.org\/wp-content\/uploads\/2023\/04\/38-1024x683.png\" alt=\"\" width=\"750\" height=\"500\" class=\"alignnone size-large wp-image-2830\" srcset=\"https:\/\/oenicaragua.org\/wp-content\/uploads\/2023\/04\/38-1024x683.png 1024w, https:\/\/oenicaragua.org\/wp-content\/uploads\/2023\/04\/38-300x200.png 300w, https:\/\/oenicaragua.org\/wp-content\/uploads\/2023\/04\/38-768x512.png 768w, https:\/\/oenicaragua.org\/wp-content\/uploads\/2023\/04\/38-1536x1024.png 1536w, https:\/\/oenicaragua.org\/wp-content\/uploads\/2023\/04\/38-2048x1365.png 2048w, https:\/\/oenicaragua.org\/wp-content\/uploads\/2023\/04\/38-360x240.png 360w\" sizes=\"auto, (max-width: 750px) 100vw, 750px\" \/><img loading=\"lazy\" decoding=\"async\" src=\"https:\/\/oenicaragua.org\/wp-content\/uploads\/2023\/04\/44-1024x760.png\" alt=\"\" width=\"750\" height=\"557\" class=\"alignnone size-large wp-image-2831\" srcset=\"https:\/\/oenicaragua.org\/wp-content\/uploads\/2023\/04\/44-1024x760.png 1024w, https:\/\/oenicaragua.org\/wp-content\/uploads\/2023\/04\/44-300x223.png 300w, https:\/\/oenicaragua.org\/wp-content\/uploads\/2023\/04\/44-768x570.png 768w, https:\/\/oenicaragua.org\/wp-content\/uploads\/2023\/04\/44-1536x1139.png 1536w, https:\/\/oenicaragua.org\/wp-content\/uploads\/2023\/04\/44-2048x1519.png 2048w\" sizes=\"auto, (max-width: 750px) 100vw, 750px\" \/><\/p>\n<p><img loading=\"lazy\" decoding=\"async\" src=\"https:\/\/oenicaragua.org\/wp-content\/uploads\/2023\/04\/43-881x1024.png\" alt=\"\" width=\"750\" height=\"872\" class=\"alignnone size-large wp-image-2841\" srcset=\"https:\/\/oenicaragua.org\/wp-content\/uploads\/2023\/04\/43-881x1024.png 881w, https:\/\/oenicaragua.org\/wp-content\/uploads\/2023\/04\/43-258x300.png 258w, https:\/\/oenicaragua.org\/wp-content\/uploads\/2023\/04\/43-768x893.png 768w, https:\/\/oenicaragua.org\/wp-content\/uploads\/2023\/04\/43-1321x1536.png 1321w, https:\/\/oenicaragua.org\/wp-content\/uploads\/2023\/04\/43-1761x2048.png 1761w\" sizes=\"auto, (max-width: 750px) 100vw, 750px\" \/><img loading=\"lazy\" decoding=\"async\" src=\"https:\/\/oenicaragua.org\/wp-content\/uploads\/2023\/04\/26-1024x839.png\" alt=\"\" width=\"750\" height=\"615\" class=\"alignnone size-large wp-image-2839\" srcset=\"https:\/\/oenicaragua.org\/wp-content\/uploads\/2023\/04\/26-1024x839.png 1024w, https:\/\/oenicaragua.org\/wp-content\/uploads\/2023\/04\/26-300x246.png 300w, https:\/\/oenicaragua.org\/wp-content\/uploads\/2023\/04\/26-768x630.png 768w, https:\/\/oenicaragua.org\/wp-content\/uploads\/2023\/04\/26-1536x1259.png 1536w, https:\/\/oenicaragua.org\/wp-content\/uploads\/2023\/04\/26-2048x1679.png 2048w\" sizes=\"auto, (max-width: 750px) 100vw, 750px\" \/><img loading=\"lazy\" decoding=\"async\" src=\"https:\/\/oenicaragua.org\/wp-content\/uploads\/2023\/04\/61-1024x683.png\" alt=\"\" width=\"750\" height=\"500\" class=\"alignnone size-large wp-image-2843\" srcset=\"https:\/\/oenicaragua.org\/wp-content\/uploads\/2023\/04\/61-1024x683.png 1024w, https:\/\/oenicaragua.org\/wp-content\/uploads\/2023\/04\/61-300x200.png 300w, https:\/\/oenicaragua.org\/wp-content\/uploads\/2023\/04\/61-768x512.png 768w, https:\/\/oenicaragua.org\/wp-content\/uploads\/2023\/04\/61-1536x1024.png 1536w, https:\/\/oenicaragua.org\/wp-content\/uploads\/2023\/04\/61-2048x1365.png 2048w, https:\/\/oenicaragua.org\/wp-content\/uploads\/2023\/04\/61-360x240.png 360w\" sizes=\"auto, (max-width: 750px) 100vw, 750px\" \/><\/p>\n","protected":false},"excerpt":{"rendered":"<p>Managua, Nicaragua, es el escenario de este importante proyecto que concentra a m\u00e1s de 30 j\u00f3venes del pa\u00eds con o sin discapacidad intelectual, en un formato de aprendizaje sobre el Liderazgo Juvenil que tiene como objetivo generar y crear un impacto positivo en las comunidades con estos protagonistas. En un [&hellip;]<\/p>\n","protected":false},"author":1,"featured_media":2828,"comment_status":"closed","ping_status":"closed","sticky":false,"template":"","format":"standard","meta":{"footnotes":""},"categories":[4,3,7,1],"tags":[],"class_list":["post-2827","post","type-post","status-publish","format-standard","has-post-thumbnail","hentry","category-campanas","category-eventos","category-trabajando-por-la-inclusion","category-videos"],"_links":{"self":[{"href":"https:\/\/oenicaragua.org\/index.php?rest_route=\/wp\/v2\/posts\/2827","targetHints":{"allow":["GET"]}}],"collection":[{"href":"https:\/\/oenicaragua.org\/index.php?rest_route=\/wp\/v2\/posts"}],"about":[{"href":"https:\/\/oenicaragua.org\/index.php?rest_route=\/wp\/v2\/types\/post"}],"author":[{"embeddable":true,"href":"https:\/\/oenicaragua.org\/index.php?rest_route=\/wp\/v2\/users\/1"}],"replies":[{"embeddable":true,"href":"https:\/\/oenicaragua.org\/index.php?rest_route=%2Fwp%2Fv2%2Fcomments&post=2827"}],"version-history":[{"count":8,"href":"https:\/\/oenicaragua.org\/index.php?rest_route=\/wp\/v2\/posts\/2827\/revisions"}],"predecessor-version":[{"id":2850,"href":"https:\/\/oenicaragua.org\/index.php?rest_route=\/wp\/v2\/posts\/2827\/revisions\/2850"}],"wp:featuredmedia":[{"embeddable":true,"href":"https:\/\/oenicaragua.org\/index.php?rest_route=\/wp\/v2\/media\/2828"}],"wp:attachment":[{"href":"https:\/\/oenicaragua.org\/index.php?rest_route=%2Fwp%2Fv2%2Fmedia&parent=2827"}],"wp:term":[{"taxonomy":"category","embeddable":true,"href":"https:\/\/oenicaragua.org\/index.php?rest_route=%2Fwp%2Fv2%2Fcategories&post=2827"},{"taxonomy":"post_tag","embeddable":true,"href":"https:\/\/oenicaragua.org\/index.php?rest_route=%2Fwp%2Fv2%2Ftags&post=2827"}],"curies":[{"name":"wp","href":"https:\/\/api.w.org\/{rel}","templated":true}]}}