{"id":412,"date":"2020-01-07T22:47:46","date_gmt":"2020-01-08T04:47:46","guid":{"rendered":"http:\/\/oenicaragua.org\/new\/?p=412"},"modified":"2021-10-08T05:02:58","modified_gmt":"2021-10-08T11:02:58","slug":"leyla-marin-baul-del-tiempo","status":"publish","type":"post","link":"https:\/\/oenicaragua.org\/?p=412","title":{"rendered":"Leyla Mar\u00edn | Ba\u00fal del Tiempo"},"content":{"rendered":"<p style=\"text-align: justify;\"><span><img loading=\"lazy\" decoding=\"async\" src=\"https:\/\/oenicaragua.org\/wp-content\/uploads\/2021\/09\/leyla-marin-194x300.jpg\" alt=\"\" width=\"194\" height=\"300\" class=\"size-medium wp-image-413 alignleft\" srcset=\"https:\/\/oenicaragua.org\/wp-content\/uploads\/2021\/09\/leyla-marin-194x300.jpg 194w, https:\/\/oenicaragua.org\/wp-content\/uploads\/2021\/09\/leyla-marin-662x1024.jpg 662w, https:\/\/oenicaragua.org\/wp-content\/uploads\/2021\/09\/leyla-marin-768x1188.jpg 768w, https:\/\/oenicaragua.org\/wp-content\/uploads\/2021\/09\/leyla-marin-993x1536.jpg 993w, https:\/\/oenicaragua.org\/wp-content\/uploads\/2021\/09\/leyla-marin-1324x2048.jpg 1324w, https:\/\/oenicaragua.org\/wp-content\/uploads\/2021\/09\/leyla-marin-scaled.jpg 1655w\" sizes=\"auto, (max-width: 194px) 100vw, 194px\" \/>Soy Nicarag\u00fcense, tengo 16 a\u00f1os, soy atleta <\/span><span>unificada de Olimpiadas Especiales, es un <\/span><span>placer poder participar en el ba\u00fal del tiempo. <\/span><span>Para m\u00ed, con el problema de la Pandemia <\/span><span>Covid-19, las personas con Discapacidad In<\/span><span>telectual si tienen algunas dificultades <\/span><span>porque son vulnerables ante esta enferme <\/span><span>dad, siento que ellos no comprenden muy <\/span><span>bien lo que est\u00e1 pasando y han tenido que <\/span><span>cambiar sus actividades y no poder salir libre<\/span><span>mente a su vida deportiva, ya que son las ac<\/span><span>tividades que m\u00e1s frecuentemente realizan.<\/span><\/p>\n<p style=\"text-align: justify;\"><span>Yo espero que de aqu\u00ed a 3 a\u00f1os, todo lo que <\/span><span>en el mundo ha pasado nos ense\u00f1e a ser m\u00e1s <\/span><span>humanos, unidos y las personas con Disca<\/span><span>pacidad Intelectual tengan mayores opor<\/span><span>tunidades y aperturas no s\u00f3lo en el deporte. <\/span><span>Gracias por permitirme participar en un <\/span><span>evento hist\u00f3rico y bonito como este.<\/span><\/p>\n","protected":false},"excerpt":{"rendered":"<p>Soy Nicarag\u00fcense, tengo 16 a\u00f1os, soy atleta unificada de Olimpiadas Especiales, es un placer poder participar en el ba\u00fal del tiempo. Para m\u00ed, con el problema de la Pandemia Covid-19, las personas con Discapacidad Intelectual si tienen algunas dificultades porque son vulnerables ante esta enferme dad, siento que ellos no [&hellip;]<\/p>\n","protected":false},"author":1,"featured_media":413,"comment_status":"closed","ping_status":"closed","sticky":false,"template":"","format":"standard","meta":{"footnotes":""},"categories":[4],"tags":[],"class_list":["post-412","post","type-post","status-publish","format-standard","has-post-thumbnail","hentry","category-campanas"],"_links":{"self":[{"href":"https:\/\/oenicaragua.org\/index.php?rest_route=\/wp\/v2\/posts\/412","targetHints":{"allow":["GET"]}}],"collection":[{"href":"https:\/\/oenicaragua.org\/index.php?rest_route=\/wp\/v2\/posts"}],"about":[{"href":"https:\/\/oenicaragua.org\/index.php?rest_route=\/wp\/v2\/types\/post"}],"author":[{"embeddable":true,"href":"https:\/\/oenicaragua.org\/index.php?rest_route=\/wp\/v2\/users\/1"}],"replies":[{"embeddable":true,"href":"https:\/\/oenicaragua.org\/index.php?rest_route=%2Fwp%2Fv2%2Fcomments&post=412"}],"version-history":[{"count":2,"href":"https:\/\/oenicaragua.org\/index.php?rest_route=\/wp\/v2\/posts\/412\/revisions"}],"predecessor-version":[{"id":1150,"href":"https:\/\/oenicaragua.org\/index.php?rest_route=\/wp\/v2\/posts\/412\/revisions\/1150"}],"wp:featuredmedia":[{"embeddable":true,"href":"https:\/\/oenicaragua.org\/index.php?rest_route=\/wp\/v2\/media\/413"}],"wp:attachment":[{"href":"https:\/\/oenicaragua.org\/index.php?rest_route=%2Fwp%2Fv2%2Fmedia&parent=412"}],"wp:term":[{"taxonomy":"category","embeddable":true,"href":"https:\/\/oenicaragua.org\/index.php?rest_route=%2Fwp%2Fv2%2Fcategories&post=412"},{"taxonomy":"post_tag","embeddable":true,"href":"https:\/\/oenicaragua.org\/index.php?rest_route=%2Fwp%2Fv2%2Ftags&post=412"}],"curies":[{"name":"wp","href":"https:\/\/api.w.org\/{rel}","templated":true}]}}