{"id":415,"date":"2020-08-31T22:52:44","date_gmt":"2020-09-01T04:52:44","guid":{"rendered":"http:\/\/oenicaragua.org\/new\/?p=415"},"modified":"2021-10-08T04:55:05","modified_gmt":"2021-10-08T10:55:05","slug":"dia-internacional-de-la-solidaridad-olimpiadas-especiales-nicaragua","status":"publish","type":"post","link":"https:\/\/oenicaragua.org\/?p=415","title":{"rendered":"D\u00eda Internacional de la Solidaridad | Olimpiadas Especiales Nicaragua"},"content":{"rendered":"<p style=\"text-align: justify;\"><img loading=\"lazy\" decoding=\"async\" src=\"https:\/\/oenicaragua.org\/wp-content\/uploads\/2020\/08\/dia-internacional-solidaridad-300x300.jpg\" alt=\"\" width=\"300\" height=\"300\" class=\"size-medium wp-image-418 aligncenter\" srcset=\"https:\/\/oenicaragua.org\/wp-content\/uploads\/2020\/08\/dia-internacional-solidaridad-300x300.jpg 300w, https:\/\/oenicaragua.org\/wp-content\/uploads\/2020\/08\/dia-internacional-solidaridad-1024x1024.jpg 1024w, https:\/\/oenicaragua.org\/wp-content\/uploads\/2020\/08\/dia-internacional-solidaridad-150x150.jpg 150w, https:\/\/oenicaragua.org\/wp-content\/uploads\/2020\/08\/dia-internacional-solidaridad-768x768.jpg 768w, https:\/\/oenicaragua.org\/wp-content\/uploads\/2020\/08\/dia-internacional-solidaridad-1536x1536.jpg 1536w, https:\/\/oenicaragua.org\/wp-content\/uploads\/2020\/08\/dia-internacional-solidaridad.jpg 1875w\" sizes=\"auto, (max-width: 300px) 100vw, 300px\" \/><span>La Declaraci\u00f3n del Milenio fue la base para decretar al 31 de agosto como D\u00eda Internacional de la Solidaridad. En ella se establec\u00eda la necesidad de sensibilizar al p\u00fablico sobre la relevancia de la solidaridad como un valor fundamental del siglo XXI, para fomentar las relaciones internacionales en un mundo cada vez m\u00e1s global. A trav\u00e9s de la solidaridad humana se promueven las relaciones sanas entre pa\u00edses y pueblos, obteniendo la paz mundial como resultado final.<\/span><br \/>\n<span>\u00abS\u00f3lo en la medida en que todos nos ayudemos y trabajemos por una causa com\u00fan que proporcione el mayor bienestar a todos, en esa misma medida viviremos en un mundo mucho m\u00e1s pac\u00edfico, enriquecedor y pr\u00f3spero para cada naci\u00f3n, pueblo o individuo\u00bb. &#8211; Lech Walesa<\/span><\/p>\n","protected":false},"excerpt":{"rendered":"<p>La Declaraci\u00f3n del Milenio fue la base para decretar al 31 de agosto como D\u00eda Internacional de la Solidaridad. En ella se establec\u00eda la necesidad de sensibilizar al p\u00fablico sobre la relevancia de la solidaridad como un valor fundamental del siglo XXI, para fomentar las relaciones internacionales en un mundo [&hellip;]<\/p>\n","protected":false},"author":1,"featured_media":416,"comment_status":"closed","ping_status":"closed","sticky":false,"template":"","format":"standard","meta":{"footnotes":""},"categories":[4],"tags":[],"class_list":["post-415","post","type-post","status-publish","format-standard","has-post-thumbnail","hentry","category-campanas"],"_links":{"self":[{"href":"https:\/\/oenicaragua.org\/index.php?rest_route=\/wp\/v2\/posts\/415","targetHints":{"allow":["GET"]}}],"collection":[{"href":"https:\/\/oenicaragua.org\/index.php?rest_route=\/wp\/v2\/posts"}],"about":[{"href":"https:\/\/oenicaragua.org\/index.php?rest_route=\/wp\/v2\/types\/post"}],"author":[{"embeddable":true,"href":"https:\/\/oenicaragua.org\/index.php?rest_route=\/wp\/v2\/users\/1"}],"replies":[{"embeddable":true,"href":"https:\/\/oenicaragua.org\/index.php?rest_route=%2Fwp%2Fv2%2Fcomments&post=415"}],"version-history":[{"count":3,"href":"https:\/\/oenicaragua.org\/index.php?rest_route=\/wp\/v2\/posts\/415\/revisions"}],"predecessor-version":[{"id":1142,"href":"https:\/\/oenicaragua.org\/index.php?rest_route=\/wp\/v2\/posts\/415\/revisions\/1142"}],"wp:featuredmedia":[{"embeddable":true,"href":"https:\/\/oenicaragua.org\/index.php?rest_route=\/wp\/v2\/media\/416"}],"wp:attachment":[{"href":"https:\/\/oenicaragua.org\/index.php?rest_route=%2Fwp%2Fv2%2Fmedia&parent=415"}],"wp:term":[{"taxonomy":"category","embeddable":true,"href":"https:\/\/oenicaragua.org\/index.php?rest_route=%2Fwp%2Fv2%2Fcategories&post=415"},{"taxonomy":"post_tag","embeddable":true,"href":"https:\/\/oenicaragua.org\/index.php?rest_route=%2Fwp%2Fv2%2Ftags&post=415"}],"curies":[{"name":"wp","href":"https:\/\/api.w.org\/{rel}","templated":true}]}}