{"id":629,"date":"2020-08-27T03:45:10","date_gmt":"2020-08-27T09:45:10","guid":{"rendered":"http:\/\/oenicaragua.org\/new\/?p=629"},"modified":"2021-09-08T03:48:18","modified_gmt":"2021-09-08T09:48:18","slug":"dia-nacional-de-personas-con-discapacidad","status":"publish","type":"post","link":"https:\/\/oenicaragua.org\/?p=629","title":{"rendered":"D\u00eda Nacional de Personas con Discapacidad"},"content":{"rendered":"<p style=\"text-align: justify;\"><span>En el \u00abD\u00eda Nacional de Personas con Discapacidad\u00bb se realiz\u00f3 un evento de Escuelas Unificadas en la Escuela Azar\u00edas H. Pallais, en la ciudad de Le\u00f3n, en el cual se desarrollaron actividades recreativas y deportivas para los atletas.<\/span><\/p>\n<p style=\"text-align: justify;\"><span>Tomando en cuenta las medidas de higiene necesarias.<\/span><\/p>\n<p>&nbsp;<br \/>\n<center><iframe loading=\"lazy\" width=\"560\" height=\"315\" src=\"https:\/\/www.youtube.com\/embed\/FxL-aP9Zmd4\" title=\"YouTube video player\" frameborder=\"0\" allow=\"accelerometer; autoplay; clipboard-write; encrypted-media; gyroscope; picture-in-picture\" allowfullscreen><\/iframe><\/center><\/p>\n","protected":false},"excerpt":{"rendered":"<p>En el \u00abD\u00eda Nacional de Personas con Discapacidad\u00bb se realiz\u00f3 un evento de Escuelas Unificadas en la Escuela Azar\u00edas H. Pallais, en la ciudad de Le\u00f3n, en el cual se desarrollaron actividades recreativas y deportivas para los atletas. Tomando en cuenta las medidas de higiene necesarias. &nbsp;<\/p>\n","protected":false},"author":1,"featured_media":630,"comment_status":"closed","ping_status":"closed","sticky":false,"template":"","format":"standard","meta":{"footnotes":""},"categories":[1],"tags":[],"class_list":["post-629","post","type-post","status-publish","format-standard","has-post-thumbnail","hentry","category-videos"],"_links":{"self":[{"href":"https:\/\/oenicaragua.org\/index.php?rest_route=\/wp\/v2\/posts\/629","targetHints":{"allow":["GET"]}}],"collection":[{"href":"https:\/\/oenicaragua.org\/index.php?rest_route=\/wp\/v2\/posts"}],"about":[{"href":"https:\/\/oenicaragua.org\/index.php?rest_route=\/wp\/v2\/types\/post"}],"author":[{"embeddable":true,"href":"https:\/\/oenicaragua.org\/index.php?rest_route=\/wp\/v2\/users\/1"}],"replies":[{"embeddable":true,"href":"https:\/\/oenicaragua.org\/index.php?rest_route=%2Fwp%2Fv2%2Fcomments&post=629"}],"version-history":[{"count":1,"href":"https:\/\/oenicaragua.org\/index.php?rest_route=\/wp\/v2\/posts\/629\/revisions"}],"predecessor-version":[{"id":631,"href":"https:\/\/oenicaragua.org\/index.php?rest_route=\/wp\/v2\/posts\/629\/revisions\/631"}],"wp:featuredmedia":[{"embeddable":true,"href":"https:\/\/oenicaragua.org\/index.php?rest_route=\/wp\/v2\/media\/630"}],"wp:attachment":[{"href":"https:\/\/oenicaragua.org\/index.php?rest_route=%2Fwp%2Fv2%2Fmedia&parent=629"}],"wp:term":[{"taxonomy":"category","embeddable":true,"href":"https:\/\/oenicaragua.org\/index.php?rest_route=%2Fwp%2Fv2%2Fcategories&post=629"},{"taxonomy":"post_tag","embeddable":true,"href":"https:\/\/oenicaragua.org\/index.php?rest_route=%2Fwp%2Fv2%2Ftags&post=629"}],"curies":[{"name":"wp","href":"https:\/\/api.w.org\/{rel}","templated":true}]}}