{"id":632,"date":"2020-08-28T03:49:04","date_gmt":"2020-08-28T09:49:04","guid":{"rendered":"http:\/\/oenicaragua.org\/new\/?p=632"},"modified":"2021-09-08T03:51:12","modified_gmt":"2021-09-08T09:51:12","slug":"dia-nacional-de-las-personas-con-discapacidad-intelectual","status":"publish","type":"post","link":"https:\/\/oenicaragua.org\/?p=632","title":{"rendered":"\u00abD\u00eda Nacional de las Personas con Discapacidad Intelectual\u00bb."},"content":{"rendered":"<p style=\"text-align: justify;\"><span>El 25 de agosto, ni\u00f1as y ni\u00f1os en la Escuela de Educaci\u00f3n Especial Melania Morales celebraron el \u00abD\u00eda Nacional de las Personas con Discapacidad Intelectual\u00bb.<\/span><\/p>\n<p>&nbsp;<br \/>\n<center><iframe loading=\"lazy\" width=\"720\" height=\"415\" src=\"https:\/\/www.youtube.com\/embed\/pf-oqn8dglc\" title=\"YouTube video player\" frameborder=\"0\" allow=\"accelerometer; autoplay; clipboard-write; encrypted-media; gyroscope; picture-in-picture\" allowfullscreen><\/iframe><\/center><\/p>\n","protected":false},"excerpt":{"rendered":"<p>El 25 de agosto, ni\u00f1as y ni\u00f1os en la Escuela de Educaci\u00f3n Especial Melania Morales celebraron el \u00abD\u00eda Nacional de las Personas con Discapacidad Intelectual\u00bb. &nbsp;<\/p>\n","protected":false},"author":1,"featured_media":633,"comment_status":"closed","ping_status":"closed","sticky":false,"template":"","format":"standard","meta":{"footnotes":""},"categories":[1],"tags":[],"class_list":["post-632","post","type-post","status-publish","format-standard","has-post-thumbnail","hentry","category-videos"],"_links":{"self":[{"href":"https:\/\/oenicaragua.org\/index.php?rest_route=\/wp\/v2\/posts\/632","targetHints":{"allow":["GET"]}}],"collection":[{"href":"https:\/\/oenicaragua.org\/index.php?rest_route=\/wp\/v2\/posts"}],"about":[{"href":"https:\/\/oenicaragua.org\/index.php?rest_route=\/wp\/v2\/types\/post"}],"author":[{"embeddable":true,"href":"https:\/\/oenicaragua.org\/index.php?rest_route=\/wp\/v2\/users\/1"}],"replies":[{"embeddable":true,"href":"https:\/\/oenicaragua.org\/index.php?rest_route=%2Fwp%2Fv2%2Fcomments&post=632"}],"version-history":[{"count":1,"href":"https:\/\/oenicaragua.org\/index.php?rest_route=\/wp\/v2\/posts\/632\/revisions"}],"predecessor-version":[{"id":634,"href":"https:\/\/oenicaragua.org\/index.php?rest_route=\/wp\/v2\/posts\/632\/revisions\/634"}],"wp:featuredmedia":[{"embeddable":true,"href":"https:\/\/oenicaragua.org\/index.php?rest_route=\/wp\/v2\/media\/633"}],"wp:attachment":[{"href":"https:\/\/oenicaragua.org\/index.php?rest_route=%2Fwp%2Fv2%2Fmedia&parent=632"}],"wp:term":[{"taxonomy":"category","embeddable":true,"href":"https:\/\/oenicaragua.org\/index.php?rest_route=%2Fwp%2Fv2%2Fcategories&post=632"},{"taxonomy":"post_tag","embeddable":true,"href":"https:\/\/oenicaragua.org\/index.php?rest_route=%2Fwp%2Fv2%2Ftags&post=632"}],"curies":[{"name":"wp","href":"https:\/\/api.w.org\/{rel}","templated":true}]}}