{"id":642,"date":"2020-09-20T03:59:03","date_gmt":"2020-09-20T09:59:03","guid":{"rendered":"http:\/\/oenicaragua.org\/new\/?p=642"},"modified":"2021-09-08T04:02:41","modified_gmt":"2021-09-08T10:02:41","slug":"kamali-y-sair-bluefields","status":"publish","type":"post","link":"https:\/\/oenicaragua.org\/?p=642","title":{"rendered":"Kamali y Sair | Bluefields"},"content":{"rendered":"<p style=\"text-align: justify;\">Kamali y Sair son dos ni\u00f1os de la Costa Caribe Nicarag\u00fcense que est\u00e1n participando en el \u00abFestival de Talentos &#8211; OE Nicaragua 2020\u00bb con el baile caribe\u00f1o \u00abDale su Rond\u00f3n\u00bb.<\/p>\n<p>&nbsp;<br \/>\n<center><iframe loading=\"lazy\" width=\"720\" height=\"415\" src=\"https:\/\/www.youtube.com\/embed\/XdFWnXl4hWw\" title=\"YouTube video player\" frameborder=\"0\" allow=\"accelerometer; autoplay; clipboard-write; encrypted-media; gyroscope; picture-in-picture\" allowfullscreen><\/iframe><\/center><br \/>\n&nbsp;<\/p>\n","protected":false},"excerpt":{"rendered":"<p>Kamali y Sair son dos ni\u00f1os de la Costa Caribe Nicarag\u00fcense que est\u00e1n participando en el \u00abFestival de Talentos &#8211; OE Nicaragua 2020\u00bb con el baile caribe\u00f1o \u00abDale su Rond\u00f3n\u00bb. &nbsp; &nbsp;<\/p>\n","protected":false},"author":1,"featured_media":643,"comment_status":"closed","ping_status":"closed","sticky":false,"template":"","format":"standard","meta":{"footnotes":""},"categories":[1],"tags":[],"class_list":["post-642","post","type-post","status-publish","format-standard","has-post-thumbnail","hentry","category-videos"],"_links":{"self":[{"href":"https:\/\/oenicaragua.org\/index.php?rest_route=\/wp\/v2\/posts\/642","targetHints":{"allow":["GET"]}}],"collection":[{"href":"https:\/\/oenicaragua.org\/index.php?rest_route=\/wp\/v2\/posts"}],"about":[{"href":"https:\/\/oenicaragua.org\/index.php?rest_route=\/wp\/v2\/types\/post"}],"author":[{"embeddable":true,"href":"https:\/\/oenicaragua.org\/index.php?rest_route=\/wp\/v2\/users\/1"}],"replies":[{"embeddable":true,"href":"https:\/\/oenicaragua.org\/index.php?rest_route=%2Fwp%2Fv2%2Fcomments&post=642"}],"version-history":[{"count":1,"href":"https:\/\/oenicaragua.org\/index.php?rest_route=\/wp\/v2\/posts\/642\/revisions"}],"predecessor-version":[{"id":644,"href":"https:\/\/oenicaragua.org\/index.php?rest_route=\/wp\/v2\/posts\/642\/revisions\/644"}],"wp:featuredmedia":[{"embeddable":true,"href":"https:\/\/oenicaragua.org\/index.php?rest_route=\/wp\/v2\/media\/643"}],"wp:attachment":[{"href":"https:\/\/oenicaragua.org\/index.php?rest_route=%2Fwp%2Fv2%2Fmedia&parent=642"}],"wp:term":[{"taxonomy":"category","embeddable":true,"href":"https:\/\/oenicaragua.org\/index.php?rest_route=%2Fwp%2Fv2%2Fcategories&post=642"},{"taxonomy":"post_tag","embeddable":true,"href":"https:\/\/oenicaragua.org\/index.php?rest_route=%2Fwp%2Fv2%2Ftags&post=642"}],"curies":[{"name":"wp","href":"https:\/\/api.w.org\/{rel}","templated":true}]}}